{"id":2078,"date":"2020-03-31T17:42:18","date_gmt":"2020-03-31T15:42:18","guid":{"rendered":"https:\/\/tunisiaforall.org\/?p=2078"},"modified":"2020-03-31T17:42:19","modified_gmt":"2020-03-31T15:42:19","slug":"communique-covid-19","status":"publish","type":"post","link":"https:\/\/tunisiaforall.org\/?p=2078","title":{"rendered":"Communiqu\u00e9 COVID-19"},"content":{"rendered":"\n<p><strong>Cher(e)s\nAmi(e)s,<\/strong><\/p>\n\n\n\n<p><strong>Membres de Tunisia For All,<\/strong><\/p>\n\n\n\n<p class=\"has-drop-cap has-medium-font-size\">J\u2019esp\u00e8re que vous et vos familles et\nproches \u00eates tous et toutes en bonne sant\u00e9, et que vous vous confirmez\nstrictement aux r\u00e8gles sanitaires que la situation impose.<\/p>\n\n\n\n<p class=\"has-medium-font-size\">Durant cette p\u00e9riode difficile sur tous les plans, <font color=\"red\">Tunisia For All<\/font> n\u2019a pas oubli\u00e9 le r\u00f4le pour lequel elle a \u00e9t\u00e9 cr\u00e9\u00e9e. En effet d\u00e8s l\u2019apparition de l\u2019\u00e9pid\u00e9mie COVID-19 nous avons cherch\u00e9 \u00e0 nous positionner pour soutenir les efforts d\u00e9ploy\u00e9s par tous pour faire face \u00e0 cette catastrophe. <\/p>\n\n\n\n<p class=\"has-medium-font-size\">Malheureusement, et jusqu\u2019\u00e0 ce jour, il n\u2019y a pas eu de coordination entre la soci\u00e9t\u00e9 civile et les autorit\u00e9s, ce qui a pouss\u00e9 chacun \u00e0 faire cavalier seul. Cette absence de coordination a eu un impact fort n\u00e9gatif sur l\u2019efficience recherch\u00e9e. \u00a0<\/p>\n\n\n\n<p class=\"has-medium-font-size\">Ceci ne nous a pas emp\u00each\u00e9s de nous\njoindre \u00e0 un groupe d\u2019associations compl\u00e9mentaires qui projetait d\u2019intervenir pour\nsoutenir notre syst\u00e8me de sant\u00e9 et aider et soutenir les citoyens fragilis\u00e9s\npar cette crise (coursiers au service des personnes \u00e2g\u00e9es, aides aux personnes\nd\u00e9munies, aides psychologiques, etc.).<\/p>\n\n\n\n<p class=\"has-medium-font-size\">Avec le confinement et le manque de\nmat\u00e9riel pouvant assurer la s\u00e9curit\u00e9 de nos membres, nous avons jug\u00e9 qu\u2019il\n\u00e9tait irresponsable d\u2019organiser des actions de terrain et que nous \u00e9tions dans\nl\u2019obligation d\u2019agir en tant que <font color=\"red\">Tunisia For All<\/font> uniquement&nbsp; <\/p>\n\n\n\n<p class=\"has-medium-font-size\">Le Conseil d\u2019Administration a par cons\u00e9quent, opt\u00e9 pour les domaines d\u2019actions suivants\u00a0: <\/p>\n\n\n\n<ul class=\"wp-block-list\"><li>participer \u00e0 la\ncollecte de produits et \u00e9quipements sanitaires manquants ; <\/li><li>assurer des\naides alimentaires aux familles sans ressources et non prises en comptes par\nles mesures d\u2019urgence prises par le gouvernement.<\/li><\/ul>\n\n\n\n<p class=\"has-medium-font-size\">1 \u2013 Nous sommes entr\u00e9s en contact\navec le minist\u00e8re de la sant\u00e9 pour d\u00e9finir un protocole de collaboration qui\nnous permet d\u2019avoir les autorisations n\u00e9cessaires pour participer \u00e0 l\u2019effort\nnational de collecte de produits indispensables \u00e0 nos h\u00f4pitaux.<\/p>\n\n\n\n<p class=\"has-medium-font-size\">2 \u2013 Pour le deuxi\u00e8me axe\nd\u2019interventions nous avons retenu l\u2019action de \u00ab&nbsp;remise d\u2019un bon d\u2019achat de\nproduits alimentaire d\u2019une valeur de 50 DT \u00e0 chaque famille n\u00e9cessiteuse&nbsp;\u00bb.\nLa premi\u00e8re distribution aura lieu le weekend prochain et touchera 200 familles\nde Jebel Jelloud.<\/p>\n\n\n\n<p class=\"has-medium-font-size\">Votre implication, chacun dans sa\nlocalit\u00e9, dans la r\u00e9alisation de ces actions est un gage suppl\u00e9mentaire de\nr\u00e9ussite.<\/p>\n\n\n\n<p class=\"has-medium-font-size\"><em>Que Dieu pr\u00e9serve notre pays.<\/em><\/p>\n\n\n\n<p style=\"text-align:center\"><strong>Pour le\nConseil d\u2019Administration<\/strong><\/p>\n\n\n\n<p style=\"text-align:center\"><strong>Le Pr\u00e9sident<\/strong><\/p>\n\n\n\n<p style=\"text-align:center\"><strong>Touhami MIDANI<\/strong><\/p>\n\n\n\n<p><\/p>\n\n\n\n<p><\/p>\n","protected":false},"excerpt":{"rendered":"<p>Cher(e)s Ami(e)s, Membres de Tunisia For All, J\u2019esp\u00e8re que vous et vos familles et proches \u00eates tous et toutes en bonne sant\u00e9, et que vous vous confirmez strictement aux r\u00e8gles sanitaires que la situation impose. Durant cette p\u00e9riode difficile sur tous les plans, Tunisia For All n\u2019a pas oubli\u00e9 le r\u00f4le pour lequel elle a [&hellip;]<\/p>\n","protected":false},"author":1,"featured_media":2079,"comment_status":"open","ping_status":"open","sticky":false,"template":"","format":"standard","meta":{"ngg_post_thumbnail":0,"footnotes":""},"categories":[10],"tags":[],"class_list":{"0":"post-2078","1":"post","2":"type-post","3":"status-publish","4":"format-standard","5":"has-post-thumbnail","7":"category-article-lie-a-un-contexte","8":"czr-hentry"},"_links":{"self":[{"href":"https:\/\/tunisiaforall.org\/index.php?rest_route=\/wp\/v2\/posts\/2078","targetHints":{"allow":["GET"]}}],"collection":[{"href":"https:\/\/tunisiaforall.org\/index.php?rest_route=\/wp\/v2\/posts"}],"about":[{"href":"https:\/\/tunisiaforall.org\/index.php?rest_route=\/wp\/v2\/types\/post"}],"author":[{"embeddable":true,"href":"https:\/\/tunisiaforall.org\/index.php?rest_route=\/wp\/v2\/users\/1"}],"replies":[{"embeddable":true,"href":"https:\/\/tunisiaforall.org\/index.php?rest_route=%2Fwp%2Fv2%2Fcomments&post=2078"}],"version-history":[{"count":1,"href":"https:\/\/tunisiaforall.org\/index.php?rest_route=\/wp\/v2\/posts\/2078\/revisions"}],"predecessor-version":[{"id":2080,"href":"https:\/\/tunisiaforall.org\/index.php?rest_route=\/wp\/v2\/posts\/2078\/revisions\/2080"}],"wp:featuredmedia":[{"embeddable":true,"href":"https:\/\/tunisiaforall.org\/index.php?rest_route=\/wp\/v2\/media\/2079"}],"wp:attachment":[{"href":"https:\/\/tunisiaforall.org\/index.php?rest_route=%2Fwp%2Fv2%2Fmedia&parent=2078"}],"wp:term":[{"taxonomy":"category","embeddable":true,"href":"https:\/\/tunisiaforall.org\/index.php?rest_route=%2Fwp%2Fv2%2Fcategories&post=2078"},{"taxonomy":"post_tag","embeddable":true,"href":"https:\/\/tunisiaforall.org\/index.php?rest_route=%2Fwp%2Fv2%2Ftags&post=2078"}],"curies":[{"name":"wp","href":"https:\/\/api.w.org\/{rel}","templated":true}]}}