{"id":2266,"date":"2020-10-15T19:28:36","date_gmt":"2020-10-15T17:28:36","guid":{"rendered":"https:\/\/tunisiaforall.org\/?p=2266"},"modified":"2020-10-16T13:20:23","modified_gmt":"2020-10-16T11:20:23","slug":"remise-don-masques-ffp3-a-jendouba","status":"publish","type":"post","link":"https:\/\/tunisiaforall.org\/?p=2266","title":{"rendered":"Remise Don Masques FFP3 \u00e0 Jendouba"},"content":{"rendered":"\n<p>Une d\u00e9l\u00e9gation de <font color=\"red\">Tunisia For All<\/font> a remis, le samedi 10 octobre 2020, un don de 150 masques FFP3 pour le personnel m\u00e9dical de la R\u00e9gion de Jendouba. Ce don a \u00e9t\u00e9 remis \u00e0 M. Khaled Saidi, Pharmacie de l\u2019h\u00f4pital r\u00e9gional de Jendouba. <font color=\"red\">Tunisia For All<\/font> \u00e9tait repr\u00e9sent\u00e9e par M. Hedi Ben Fadhel et Mme Fatma Belkhodja.<\/p>\n\n\n\n<h2 class=\"wp-block-heading\"><span style=\"color:#196484\" class=\"has-inline-color\">Photos<\/span><\/h2>\n\n\n\n<figure class=\"wp-block-image size-large\"><img fetchpriority=\"high\" decoding=\"async\" width=\"1024\" height=\"679\" src=\"https:\/\/tunisiaforall.org\/wp-content\/uploads\/2020\/10\/hopital-jendouba-1024x679.jpg\" alt=\"\" class=\"wp-image-2267\" srcset=\"https:\/\/tunisiaforall.org\/wp-content\/uploads\/2020\/10\/hopital-jendouba-1024x679.jpg 1024w, https:\/\/tunisiaforall.org\/wp-content\/uploads\/2020\/10\/hopital-jendouba-300x199.jpg 300w, https:\/\/tunisiaforall.org\/wp-content\/uploads\/2020\/10\/hopital-jendouba-768x510.jpg 768w, https:\/\/tunisiaforall.org\/wp-content\/uploads\/2020\/10\/hopital-jendouba-1536x1019.jpg 1536w, https:\/\/tunisiaforall.org\/wp-content\/uploads\/2020\/10\/hopital-jendouba-2048x1359.jpg 2048w\" sizes=\"(max-width: 1024px) 100vw, 1024px\" \/><figcaption>smart<\/figcaption><\/figure>\n\n\n\n<h2 class=\"wp-block-heading\"><span style=\"color:#063f57\" class=\"has-inline-color\">Vid\u00e9os<\/span><\/h2>\n\n\n\n<iframe width=\"560\" height=\"315\" src=\"https:\/\/www.youtube.com\/embed\/3PoRyD9_lZk\" frameborder=\"0\" allow=\"accelerometer; autoplay; clipboard-write; encrypted-media; gyroscope; picture-in-picture\" allowfullscreen><\/iframe>\n","protected":false},"excerpt":{"rendered":"<p>Une d\u00e9l\u00e9gation de Tunisia For All a remis, le samedi 10 octobre 2020, un don de 150 masques FFP3 pour le personnel m\u00e9dical de la R\u00e9gion de Jendouba. Ce don a \u00e9t\u00e9 remis \u00e0 M. Khaled Saidi, Pharmacie de l\u2019h\u00f4pital r\u00e9gional de Jendouba. Tunisia For All \u00e9tait repr\u00e9sent\u00e9e par M. Hedi Ben Fadhel et Mme [&hellip;]<\/p>\n","protected":false},"author":1,"featured_media":0,"comment_status":"open","ping_status":"open","sticky":false,"template":"","format":"standard","meta":{"ngg_post_thumbnail":0,"footnotes":""},"categories":[1],"tags":[],"class_list":{"0":"post-2266","1":"post","2":"type-post","3":"status-publish","4":"format-standard","6":"category-non-classe","7":"czr-hentry"},"_links":{"self":[{"href":"https:\/\/tunisiaforall.org\/index.php?rest_route=\/wp\/v2\/posts\/2266","targetHints":{"allow":["GET"]}}],"collection":[{"href":"https:\/\/tunisiaforall.org\/index.php?rest_route=\/wp\/v2\/posts"}],"about":[{"href":"https:\/\/tunisiaforall.org\/index.php?rest_route=\/wp\/v2\/types\/post"}],"author":[{"embeddable":true,"href":"https:\/\/tunisiaforall.org\/index.php?rest_route=\/wp\/v2\/users\/1"}],"replies":[{"embeddable":true,"href":"https:\/\/tunisiaforall.org\/index.php?rest_route=%2Fwp%2Fv2%2Fcomments&post=2266"}],"version-history":[{"count":3,"href":"https:\/\/tunisiaforall.org\/index.php?rest_route=\/wp\/v2\/posts\/2266\/revisions"}],"predecessor-version":[{"id":2299,"href":"https:\/\/tunisiaforall.org\/index.php?rest_route=\/wp\/v2\/posts\/2266\/revisions\/2299"}],"wp:attachment":[{"href":"https:\/\/tunisiaforall.org\/index.php?rest_route=%2Fwp%2Fv2%2Fmedia&parent=2266"}],"wp:term":[{"taxonomy":"category","embeddable":true,"href":"https:\/\/tunisiaforall.org\/index.php?rest_route=%2Fwp%2Fv2%2Fcategories&post=2266"},{"taxonomy":"post_tag","embeddable":true,"href":"https:\/\/tunisiaforall.org\/index.php?rest_route=%2Fwp%2Fv2%2Ftags&post=2266"}],"curies":[{"name":"wp","href":"https:\/\/api.w.org\/{rel}","templated":true}]}}