{"id":2269,"date":"2020-10-15T19:30:50","date_gmt":"2020-10-15T17:30:50","guid":{"rendered":"https:\/\/tunisiaforall.org\/?p=2269"},"modified":"2020-10-16T13:22:20","modified_gmt":"2020-10-16T11:22:20","slug":"remise-don-masques-ffp3-a-beja","status":"publish","type":"post","link":"https:\/\/tunisiaforall.org\/?p=2269","title":{"rendered":"Remise Don Masques FFP3 \u00e0 B\u00e9ja"},"content":{"rendered":"\n<p>Une d\u00e9l\u00e9gation de <span class=\"has-inline-color has-vivid-red-color\">Tunisia For All<\/span> a remis, le samedi 10 octobre 2020, un don de 150 masques FFP3 pour le personnel m\u00e9dical de la R\u00e9gion de B\u00e9ja. Ce don a \u00e9t\u00e9 remis au surveillant g\u00e9n\u00e9ral de l\u2019h\u00f4pital r\u00e9gional de B\u00e9ja. <span class=\"has-inline-color has-vivid-red-color\">Tunisia For All<\/span> \u00e9tait repr\u00e9sent\u00e9e par M. Hedi Ben Fadhel et Mme Fatma Belkhodja.<\/p>\n\n\n\n<h2 class=\"wp-block-heading\"><span style=\"color:#094a66\" class=\"has-inline-color\">Photos<\/span><\/h2>\n\n\n\n<figure class=\"wp-block-image size-large\"><img fetchpriority=\"high\" decoding=\"async\" width=\"1024\" height=\"768\" src=\"https:\/\/tunisiaforall.org\/wp-content\/uploads\/2020\/10\/beja-1024x768.jpg\" alt=\"\" class=\"wp-image-2270\" srcset=\"https:\/\/tunisiaforall.org\/wp-content\/uploads\/2020\/10\/beja-1024x768.jpg 1024w, https:\/\/tunisiaforall.org\/wp-content\/uploads\/2020\/10\/beja-300x225.jpg 300w, https:\/\/tunisiaforall.org\/wp-content\/uploads\/2020\/10\/beja-768x576.jpg 768w, https:\/\/tunisiaforall.org\/wp-content\/uploads\/2020\/10\/beja-1536x1152.jpg 1536w, https:\/\/tunisiaforall.org\/wp-content\/uploads\/2020\/10\/beja-2048x1536.jpg 2048w\" sizes=\"(max-width: 1024px) 100vw, 1024px\" \/><figcaption>smart<\/figcaption><\/figure>\n\n\n\n<h2 class=\"wp-block-heading\"><span style=\"color:#094a66\" class=\"has-inline-color\">Vid\u00e9os<\/span><\/h2>\n\n\n\n<iframe width=\"560\" height=\"315\" src=\"https:\/\/www.youtube.com\/embed\/gztHCsJ7jzk\" frameborder=\"0\" allow=\"accelerometer; autoplay; clipboard-write; encrypted-media; gyroscope; picture-in-picture\" allowfullscreen><\/iframe>\n","protected":false},"excerpt":{"rendered":"<p>Une d\u00e9l\u00e9gation de Tunisia For All a remis, le samedi 10 octobre 2020, un don de 150 masques FFP3 pour le personnel m\u00e9dical de la R\u00e9gion de B\u00e9ja. Ce don a \u00e9t\u00e9 remis au surveillant g\u00e9n\u00e9ral de l\u2019h\u00f4pital r\u00e9gional de B\u00e9ja. Tunisia For All \u00e9tait repr\u00e9sent\u00e9e par M. Hedi Ben Fadhel et Mme Fatma Belkhodja. [&hellip;]<\/p>\n","protected":false},"author":1,"featured_media":0,"comment_status":"open","ping_status":"open","sticky":false,"template":"","format":"standard","meta":{"ngg_post_thumbnail":0,"footnotes":""},"categories":[1],"tags":[],"class_list":{"0":"post-2269","1":"post","2":"type-post","3":"status-publish","4":"format-standard","6":"category-non-classe","7":"czr-hentry"},"_links":{"self":[{"href":"https:\/\/tunisiaforall.org\/index.php?rest_route=\/wp\/v2\/posts\/2269","targetHints":{"allow":["GET"]}}],"collection":[{"href":"https:\/\/tunisiaforall.org\/index.php?rest_route=\/wp\/v2\/posts"}],"about":[{"href":"https:\/\/tunisiaforall.org\/index.php?rest_route=\/wp\/v2\/types\/post"}],"author":[{"embeddable":true,"href":"https:\/\/tunisiaforall.org\/index.php?rest_route=\/wp\/v2\/users\/1"}],"replies":[{"embeddable":true,"href":"https:\/\/tunisiaforall.org\/index.php?rest_route=%2Fwp%2Fv2%2Fcomments&post=2269"}],"version-history":[{"count":4,"href":"https:\/\/tunisiaforall.org\/index.php?rest_route=\/wp\/v2\/posts\/2269\/revisions"}],"predecessor-version":[{"id":2301,"href":"https:\/\/tunisiaforall.org\/index.php?rest_route=\/wp\/v2\/posts\/2269\/revisions\/2301"}],"wp:attachment":[{"href":"https:\/\/tunisiaforall.org\/index.php?rest_route=%2Fwp%2Fv2%2Fmedia&parent=2269"}],"wp:term":[{"taxonomy":"category","embeddable":true,"href":"https:\/\/tunisiaforall.org\/index.php?rest_route=%2Fwp%2Fv2%2Fcategories&post=2269"},{"taxonomy":"post_tag","embeddable":true,"href":"https:\/\/tunisiaforall.org\/index.php?rest_route=%2Fwp%2Fv2%2Ftags&post=2269"}],"curies":[{"name":"wp","href":"https:\/\/api.w.org\/{rel}","templated":true}]}}